{"id":29559,"date":"2026-09-01T10:30:24","date_gmt":"2026-09-01T07:30:24","guid":{"rendered":"https:\/\/dogadernegi.org\/?p=29559"},"modified":"2026-09-01T13:33:04","modified_gmt":"2026-09-01T10:33:04","slug":"turkiyenin-onemli-doga-alanlari-guncellemesi-icin-ilk-ulusal-koordinasyon-calistayi-ankarada-gerceklesti","status":"publish","type":"post","link":"https:\/\/dogadernegi.org\/en\/turkiyenin-onemli-doga-alanlari-guncellemesi-icin-ilk-ulusal-koordinasyon-calistayi-ankarada-gerceklesti\/","title":{"rendered":"T\u00fcrkiye\u2019nin \u00d6nemli Do\u011fa Alanlar\u0131 G\u00fcncellemesi \u0130\u00e7in \u0130lk Ulusal Koordinasyon \u00c7al\u0131\u015ftay\u0131 Ankara\u2019da Ger\u00e7ekle\u015fti"},"content":{"rendered":"<figure class=\"wp-block-image size-large\"><img decoding=\"async\" src=\"https:\/\/dogadernegi.org\/wp-content\/uploads\/2026\/09\/img_3944-1024x636.jpg\" alt=\"\"\/><\/figure>\n\n\n\n<p class=\"wp-block-paragraph\"><strong>Biyolojik \u00e7e\u015fitlilik i\u00e7in kritik \u00f6neme sahip alanlar\u0131 tan\u0131mlayarak koruma alt\u0131na almak amac\u0131yla geli\u015ftirilmi\u015f bir yakla\u015f\u0131m olan ve ilk defa&nbsp; Do\u011fa Derne\u011fi taraf\u0131ndan 2006 y\u0131l\u0131nda yay\u0131nlanan T\u00fcrkiye\u2019nin \u00d6nemli Do\u011fa Alanlar\u0131 envanterinin g\u00fcncelleme \u00e7al\u0131\u015fmalar\u0131 20 y\u0131l sonra Ankara\u2019da yap\u0131lan \u00e7al\u0131\u015ftayla duyuruldu.&nbsp;<\/strong><\/p>\n\n\n\n<p class=\"wp-block-paragraph\"><strong>Ankara\u2019da ger\u00e7ekle\u015fen ulusal koordinasyon \u00e7al\u0131\u015ftay\u0131 ile bir araya gelen 12 sivil toplum kurulu\u015funun temsilcisi, 11 \u00fcniversiteden akademisyenler ve Tar\u0131m ve Orman Bakanl\u0131\u011f\u0131\u2019na ba\u011fl\u0131 \u00fc\u00e7 genel m\u00fcd\u00fcrl\u00fc\u011f\u00fcn uzmanlar\u0131 \u00e7al\u0131\u015fmalara ba\u015flad\u0131. \u00c7al\u0131\u015ftayda g\u00fcncel verilerin T\u00fcrkiye\u2019nin do\u011fa koruma politikalar\u0131na entegrasyonu, \u00d6nemli Do\u011fa Alanlar\u0131 \u00fczerindeki tehditlere kar\u015f\u0131 kullan\u0131lmas\u0131 ve akademi-kamu-sivil toplum i\u015fbirli\u011finin y\u00f6ntemleri ele al\u0131nd\u0131.<\/strong><\/p>\n\n\n\n<p class=\"wp-block-paragraph\">\u00d6nemli Do\u011fa Alanlar\u0131, hassas ekosistemleri, endemik t\u00fcrleri ve nesli tehlike alt\u0131ndaki canl\u0131lar\u0131 bar\u0131nd\u0131ran kritik habitatlar\u0131 kapsayarak, biyolojik \u00e7e\u015fitlili\u011fin korunmas\u0131na y\u00f6nelik k\u00fcresel standartlar\u0131n uygulanmas\u0131 ve koruma stratejilerinin geli\u015ftirilmesine olanak sa\u011fl\u0131yor. 2006 y\u0131l\u0131nda yay\u0131nlanan ilk envanterde bitkiler, k\u0131z b\u00f6cekleri, kelebekler, i\u00e7 su bal\u0131klar\u0131, \u00e7ift ya\u015faml\u0131lar, s\u00fcr\u00fcngenler, ku\u015flar ve memeliler ile ilgili veriler sentezlendi ve T\u00fcrkiye\u2019de 305 \u00d6nemli Do\u011fa Alan\u0131 tan\u0131mland\u0131.&nbsp;<\/p>\n\n\n\n<p class=\"wp-block-paragraph\">Do\u011fa Derne\u011fi\u2019nin koordinasyonunda 2023 y\u0131l\u0131nda ba\u015flat\u0131lan ve 2029 y\u0131l\u0131nda tamamlanmas\u0131 hedeflenen \u00d6nemli Do\u011fa Alanlar\u0131 g\u00fcncelleme \u00e7al\u0131\u015fmas\u0131, son yirmi y\u0131lda T\u00fcrkiye do\u011fas\u0131nda ya\u015fanan de\u011fi\u015fimleri, kay\u0131plar\u0131 ve umut verici yeni ke\u015fifleri bilimsel verilerle kay\u0131t alt\u0131na alacak.<\/p>\n\n\n\n<figure class=\"wp-block-image size-large\"><img decoding=\"async\" src=\"https:\/\/dogadernegi.org\/wp-content\/uploads\/2026\/09\/img_3915-1-1024x584.jpg\" alt=\"\"\/><\/figure>\n\n\n\n<h5 class=\"wp-block-heading\"><strong>T\u00fcrkiye\u2019den Avrupa\u2019ya Akademisyen ve Uzmanlar\u0131n Ortak \u00c7al\u0131\u015fmas\u0131<\/strong><\/h5>\n\n\n\n<p class=\"wp-block-paragraph\">\u00d6DA yakla\u015f\u0131m\u0131, 2016 y\u0131l\u0131nda D\u00fcnya Do\u011fa Koruma Kurumu (IUCN) taraf\u0131ndan k\u00fcresel \u00f6l\u00e7ekte \u00f6ncelikli alanlar\u0131n belirlenmesinde resmi bir standart olarak kabul edildi. Do\u011fa Derne\u011fi, 2023 y\u0131l\u0131nda IUCN ekibinden Avrupa, Kuzey Afrika ve Orta Do\u011fu \u00d6DA\u2019lar\u0131 B\u00f6lge Sorumlusu Dr. Catherine Numa ve \u00d6DA uluslararas\u0131 sekreteryas\u0131 ba\u015fkan\u0131 Dr. Andrew Plumptre, BirdLife International \u00d6KA\/\u00d6DA K\u00fcresel Bilim Koordinat\u00f6r\u00fc Olivia Crowe i\u015fbirli\u011finde \u00d6DA G\u00fcncelleme Program\u0131&#8217;n\u0131 ba\u015flatt\u0131. T\u00fckiye\u2019den eklenen akademisyen ve uzman a\u011f\u0131 vas\u0131tas\u0131yla veri derleme \u00e7al\u0131\u015fmalar\u0131 kesintisiz olarak s\u00fcrd\u00fcr\u00fcld\u00fc.<\/p>\n\n\n\n<h5 class=\"wp-block-heading\"><strong>Ku\u015flardan Bal\u0131klara Bitkilerden Yumu\u015fak\u00e7alara<\/strong> <strong>9 t\u00fcr grubuna ait 7.144 \u00f6nemli konum tespit edildi.<\/strong><\/h5>\n\n\n\n<p class=\"wp-block-paragraph\">12 uzman\u0131n iki y\u0131l boyunca y\u00fcr\u00fctt\u00fc\u011f\u00fc kapsaml\u0131 \u00e7al\u0131\u015fman\u0131n ilk sonu\u00e7lar\u0131, T\u00fcrkiye\u2019nin biyolojik \u00e7e\u015fitlili\u011fine ili\u015fkin dikkat \u00e7ekici veriler ortaya koydu. \u00c7al\u0131\u015fma kapsam\u0131nda 38 amfibi ve s\u00fcr\u00fcngen t\u00fcr\u00fcne ait 61 nokta, 2.333 bitki t\u00fcr\u00fc ve varyetesine ait 3.794 nokta, 122 i\u00e7su bal\u0131\u011f\u0131 t\u00fcr\u00fcne ait 381 nokta, 56 kelebek t\u00fcr\u00fcne ait 338 nokta, 14 k\u0131zb\u00f6ce\u011fi ve yusuf\u00e7uk t\u00fcr\u00fcne ait 92 nokta, 42 ku\u015f t\u00fcr\u00fcne ait 256 nokta, 26 memeli t\u00fcr\u00fcne ait 137 nokta ve 875 yumu\u015fak\u00e7a t\u00fcr\u00fcne ait 2.083 nokta belirlendi.<\/p>\n\n\n\n<p class=\"wp-block-paragraph\">\u0130lk bulgular sonucunda, toplam 9 t\u00fcr grubuna ait 7.144 farkl\u0131 yer tespit edildi. Elde edilen veriler, T\u00fcrkiye\u2019nin biyolojik \u00e7e\u015fitlili\u011finin g\u00fcncel durumunun ortaya konulmas\u0131 ve d\u00fcnya \u00e7ap\u0131nda \u00f6nem ta\u015f\u0131yan alanlar\u0131n belirlenmesi a\u00e7\u0131s\u0131ndan \u00f6nemli bir bilimsel temel olu\u015fturuyor.<\/p>\n\n\n\n<p class=\"wp-block-paragraph\">Bu g\u00fcncelleme \u00e7al\u0131\u015fmas\u0131n\u0131 \u00f6ncekilerden ay\u0131ran en \u00f6nemli farklardan biri, analiz edilen canl\u0131 gruplar\u0131n\u0131n geni\u015fletilmesi oldu. Bitkiler, yusuf\u00e7uklar ve k\u0131zb\u00f6cekleri, kelebekler, i\u00e7 su bal\u0131klar\u0131, amfibiler, s\u00fcr\u00fcngenler, memeliler ve ku\u015flar bu g\u00fcncellemede de yer ald\u0131. Mevcut uzmanl\u0131k gruplar\u0131na bu y\u0131l <strong>yumu\u015fak\u00e7alar<\/strong> da eklendi. Devam eden s\u00fcre\u00e7te onlarca farkl\u0131 disiplinden \u00e7ok say\u0131da uzman\u0131n da katk\u0131 sunaca\u011f\u0131 \u00e7al\u0131\u015fmada; endemik, nesli tehlike alt\u0131nda olan ve hassas t\u00fcrlerin habitatlar\u0131 titizlikle haritaland\u0131r\u0131lacak.<\/p>\n\n\n\n<p class=\"wp-block-paragraph\">\u00c7al\u0131\u015fmalar\u0131 ger\u00e7ekle\u015ftiren uzman grubunda yer alan uzmanlar: Prof. Dr. Ahmet Emre Yaprak &#8211; Bitkiler, Prof. Dr. Ali Kandemir &#8211; Bitkiler, Prof. Dr. Hasan Y\u0131ld\u0131r\u0131m &#8211; Bitkiler, Dr. Tu\u011fkan \u00d6zd\u00f6l &#8211; Bitkiler, Prof. Dr. Ahmet Karata\u015f &#8211; Memeliler, Uzman Cem Orkun K\u0131ra\u00e7 &#8211; Memeliler, Prof. Dr. Kerim \u00c7i\u00e7ek &#8211; S\u00fcr\u00fcngenler ve Amfibiler, Dr. Evrim Kara\u00e7etin &#8211; Kelebekler, Prof. Dr. Bur\u00e7in A\u015fk\u0131m G\u00fcm\u00fc\u015f &#8211; Yumu\u015fak\u00e7alar, Do\u00e7. Dr. Ali Miro\u011flu &#8211; K\u0131zb\u00f6cekleri &amp; Yusuf\u00e7uklar, Prof. Dr. Baran Yo\u011furt\u00e7uo\u011flu &#8211; \u0130\u00e7 Su Bal\u0131klar\u0131, Dr. \u015eafak Arslan &#8211; Ku\u015flar &#8211; Memeliler<strong>,<\/strong> Prof. Dr. Muhammed Zeynel \u00d6zt\u00fcrk &#8211; CBS, Dr. Enes Ta\u015fo\u011flu &#8211; CBS.<\/p>\n\n\n\n<h5 class=\"wp-block-heading\"><strong>Bilimsel bulgular, endemik, tehlike alt\u0131nda, hassas veya benzersiz t\u00fcrlerin T\u00fcrkiye\u2019deki ya\u015fam alanlar\u0131n\u0131 belgeliyor.<\/strong><\/h5>\n\n\n\n<p class=\"wp-block-paragraph\">\u00c7al\u0131\u015ftaya dair a\u00e7\u0131klamalarda bulunan Do\u011fa Derne\u011fi Koruma Program\u0131 Koordinat\u00f6r\u00fc Dr. \u015eafak Arslan; \u2019\u2019COP 31\u2019e say\u0131l\u0131 g\u00fcnler kala ger\u00e7ekle\u015ftirdi\u011fimiz bu \u00e7al\u0131\u015ftay, T\u00fcrkiye\u2019nin do\u011fa koruma ve iklim de\u011fi\u015fikli\u011fi konular\u0131ndaki politika ve planlamalar\u0131n\u0131 do\u011frudan etkileyecek d\u00fczeyde bir \u00e7al\u0131\u015fma. Elde edilen bilimsel bulgular, endemik, tehlike alt\u0131nda, hassas veya benzersiz t\u00fcrlerin T\u00fcrkiye\u2019deki ya\u015fam alanlar\u0131n\u0131 belgeliyor. Bu veriler, Kunming-Montreal K\u00fcresel Biyo\u00e7e\u015fitlilik \u00c7er\u00e7evesi\u2019nin %30 Korunan Alan (30&#215;30) Hedefi do\u011frultusunda ulusal koruma politikalar\u0131na ve Di\u011fer Etkili Alan Temelli Koruma \u00d6nlemleri (OECM) mekanizmalar\u0131na ve ulusal veritabanlar\u0131na uyarlanarak entegre edilebilecek nitelikte. S\u00f6z konusu verilerin ulusal veritabanlar\u0131na eklenmesi, ulusal koruma stratejilerine \u015feffaf, \u00e7ok payda\u015fl\u0131 ve bilimsel bir \u00e7er\u00e7evede entegre edilmesi, uluslararas\u0131 standartlar ve Uluslararas\u0131 \u00d6DA Sekretaryas\u0131 ile uyumunun sa\u011flanmas\u0131 ve alan bazl\u0131 koruma hedeflerine altl\u0131k olu\u015fturmas\u0131 amac\u0131yla \u00d6DA Ulusal Koordinasyon Grubu olu\u015fturulmas\u0131 hedefleniyor. 2029\u2019da \u00e7al\u0131\u015fma tamamland\u0131\u011f\u0131nda T\u00fcrkiye\u2019nin \u00d6DA envanteri statik bir yaz\u0131l\u0131 envanter olmaktan \u00e7\u0131k\u0131p, <strong>anl\u0131k olarak g\u00fcncellenebilen \u00e7evrimi\u00e7i bir yaz\u0131l\u0131m<\/strong> haline getirilecek,\u2019\u2019 dedi.<\/p>\n\n\n\n<p class=\"wp-block-paragraph\"><strong>Daha fazla bilgi i\u00e7in:<\/strong> <strong>Web:<\/strong> <a href=\"https:\/\/www.google.com\/search?q=http:\/\/kbaturkiye.org&amp;authuser=3\" target=\"_blank\" rel=\"noopener\">kbaturkiye.org<\/a><\/p>\n\n\n\n<p class=\"wp-block-paragraph\"><strong>E-posta:<\/strong> <a href=\"mailto:info@dogadernegi.org\">doga@dogadernegi.org<\/a><\/p>","protected":false},"excerpt":{"rendered":"<p>Biyolojik \u00e7e\u015fitlilik i\u00e7in kritik \u00f6neme sahip alanlar\u0131 tan\u0131mlayarak koruma alt\u0131na almak amac\u0131yla geli\u015ftirilmi\u015f bir yakla\u015f\u0131m olan ve ilk defa&nbsp; Do\u011fa Derne\u011fi taraf\u0131ndan 2006 y\u0131l\u0131nda yay\u0131nlanan T\u00fcrkiye\u2019nin \u00d6nemli Do\u011fa Alanlar\u0131 envanterinin g\u00fcncelleme \u00e7al\u0131\u015fmalar\u0131 20 y\u0131l sonra Ankara\u2019da yap\u0131lan \u00e7al\u0131\u015ftayla duyuruldu.&nbsp; Ankara\u2019da ger\u00e7ekle\u015fen ulusal koordinasyon \u00e7al\u0131\u015ftay\u0131 ile bir araya gelen 12 sivil toplum kurulu\u015funun temsilcisi, 11 \u00fcniversiteden [&#8230;]<\/p>\n<p><a class=\"dd-btn dd-btn-secondary text-sm\" href=\"https:\/\/dogadernegi.org\/en\/turkiyenin-onemli-doga-alanlari-guncellemesi-icin-ilk-ulusal-koordinasyon-calistayi-ankarada-gerceklesti\/\">Read More&#8230;<span class=\"dd-sr-only\"> from T\u00fcrkiye\u2019nin \u00d6nemli Do\u011fa Alanlar\u0131 G\u00fcncellemesi \u0130\u00e7in \u0130lk Ulusal Koordinasyon \u00c7al\u0131\u015ftay\u0131 Ankara\u2019da Ger\u00e7ekle\u015fti<\/span><\/a><\/p>\n","protected":false},"author":12,"featured_media":29570,"comment_status":"closed","ping_status":"open","sticky":false,"template":"","format":"standard","meta":{"_acf_changed":false,"_uag_custom_page_level_css":"","footnotes":""},"categories":[60],"tags":[116],"class_list":["post-29559","post","type-post","status-publish","format-standard","has-post-thumbnail","hentry","category-haber","tag-onemli-doga-alanlari"],"acf":[],"uagb_featured_image_src":{"full":["https:\/\/dogadernegi.org\/wp-content\/uploads\/2026\/09\/img_3944-2-scaled.jpg",2560,1591,false],"thumbnail":["https:\/\/dogadernegi.org\/wp-content\/uploads\/2026\/09\/img_3944-2-300x300.jpg",300,300,true],"medium":["https:\/\/dogadernegi.org\/wp-content\/uploads\/2026\/09\/img_3944-2-300x186.jpg",300,186,true],"medium_large":["https:\/\/dogadernegi.org\/wp-content\/uploads\/2026\/09\/img_3944-2-768x477.jpg",768,477,true],"large":["https:\/\/dogadernegi.org\/wp-content\/uploads\/2026\/09\/img_3944-2-1024x636.jpg",1024,636,true],"1536x1536":["https:\/\/dogadernegi.org\/wp-content\/uploads\/2026\/09\/img_3944-2-1536x955.jpg",1536,955,true],"2048x2048":["https:\/\/dogadernegi.org\/wp-content\/uploads\/2026\/09\/img_3944-2-2048x1273.jpg",2048,1273,true]},"uagb_author_info":{"display_name":"Taylan \u00d6zg\u00fcr Nefes","author_link":"https:\/\/dogadernegi.org\/en\/author\/taylan\/"},"uagb_comment_info":0,"uagb_excerpt":"Biyolojik \u00e7e\u015fitlilik i\u00e7in kritik \u00f6neme sahip alanlar\u0131 tan\u0131mlayarak koruma alt\u0131na almak amac\u0131yla geli\u015ftirilmi\u015f bir yakla\u015f\u0131m olan ve ilk defa&nbsp; Do\u011fa Derne\u011fi taraf\u0131ndan 2006 y\u0131l\u0131nda yay\u0131nlanan T\u00fcrkiye\u2019nin \u00d6nemli Do\u011fa Alanlar\u0131 envanterinin g\u00fcncelleme \u00e7al\u0131\u015fmalar\u0131 20 y\u0131l sonra Ankara\u2019da yap\u0131lan \u00e7al\u0131\u015ftayla duyuruldu.&nbsp; Ankara\u2019da ger\u00e7ekle\u015fen ulusal koordinasyon \u00e7al\u0131\u015ftay\u0131 ile bir araya gelen 12 sivil toplum kurulu\u015funun temsilcisi, 11 \u00fcniversiteden&hellip;","_links":{"self":[{"href":"https:\/\/dogadernegi.org\/en\/wp-json\/wp\/v2\/posts\/29559","targetHints":{"allow":["GET"]}}],"collection":[{"href":"https:\/\/dogadernegi.org\/en\/wp-json\/wp\/v2\/posts"}],"about":[{"href":"https:\/\/dogadernegi.org\/en\/wp-json\/wp\/v2\/types\/post"}],"author":[{"embeddable":true,"href":"https:\/\/dogadernegi.org\/en\/wp-json\/wp\/v2\/users\/12"}],"replies":[{"embeddable":true,"href":"https:\/\/dogadernegi.org\/en\/wp-json\/wp\/v2\/comments?post=29559"}],"version-history":[{"count":10,"href":"https:\/\/dogadernegi.org\/en\/wp-json\/wp\/v2\/posts\/29559\/revisions"}],"predecessor-version":[{"id":29583,"href":"https:\/\/dogadernegi.org\/en\/wp-json\/wp\/v2\/posts\/29559\/revisions\/29583"}],"wp:featuredmedia":[{"embeddable":true,"href":"https:\/\/dogadernegi.org\/en\/wp-json\/wp\/v2\/media\/29570"}],"wp:attachment":[{"href":"https:\/\/dogadernegi.org\/en\/wp-json\/wp\/v2\/media?parent=29559"}],"wp:term":[{"taxonomy":"category","embeddable":true,"href":"https:\/\/dogadernegi.org\/en\/wp-json\/wp\/v2\/categories?post=29559"},{"taxonomy":"post_tag","embeddable":true,"href":"https:\/\/dogadernegi.org\/en\/wp-json\/wp\/v2\/tags?post=29559"}],"curies":[{"name":"wp","href":"https:\/\/api.w.org\/{rel}","templated":true}]}}